{"id":6458,"date":"2024-03-27T11:49:31","date_gmt":"2024-03-27T10:49:31","guid":{"rendered":"https:\/\/www.eurailtest.com\/?p=6458"},"modified":"2024-03-27T13:59:57","modified_gmt":"2024-03-27T12:59:57","slug":"frederic-ballereau-new-director-of-eurailtest","status":"publish","type":"post","link":"https:\/\/www.eurailtest.com\/en\/frederic-ballereau-new-director-of-eurailtest\/","title":{"rendered":"Fr\u00e9d\u00e9ric BALLEREAU is the new director of GIE EURAILTEST"},"content":{"rendered":"\n<p><strong><em><a href=\"https:\/\/www.linkedin.com\/in\/fr%C3%A9d%C3%A9ric-ballereau-32762a300\/\" target=\"_blank\" rel=\"noreferrer noopener\">Fr\u00e9d\u00e9ric BALLEREAU<\/a>, <\/em>nominated new director of Eurailtest on the first of March, Fr\u00e9d\u00e9ric&#8217;s ambition is to accelerate the international development of Eurailtest and its <em><a href=\"https:\/\/www.eurailtest.com\/en\/test-laboratories\/\">partner laboratories<\/a>.<\/em><\/strong><\/p>\n","protected":false},"excerpt":{"rendered":"<p>Fr\u00e9d\u00e9ric BALLEREAU, nominated new director of Eurailtest on the first of March, Fr\u00e9d\u00e9ric&#8217;s ambition is to accelerate the international development of Eurailtest and its partner laboratories.<\/p>\n","protected":false},"author":1,"featured_media":0,"comment_status":"closed","ping_status":"open","sticky":false,"template":"","format":"standard","meta":[],"tags":[],"yoast_head":"<!-- This site is optimized with the Yoast SEO plugin v16.2 - https:\/\/yoast.com\/wordpress\/plugins\/seo\/ -->\n<meta name=\"description\" content=\"Fr\u00e9d\u00e9ric Ballereau, the new director of Eurailtest, aims to accelerate the development of Eurailtest and its partner laboratories.\" \/>\n<meta name=\"robots\" content=\"index, follow, max-snippet:-1, max-image-preview:large, max-video-preview:-1\" \/>\n<link rel=\"canonical\" href=\"https:\/\/www.eurailtest.com\/en\/frederic-ballereau-new-director-of-eurailtest\/\" \/>\n<meta property=\"og:locale\" content=\"en_US\" \/>\n<meta property=\"og:type\" content=\"article\" \/>\n<meta property=\"og:title\" content=\"Fr\u00e9d\u00e9ric BALLEREAU : New director of Eurailtest | EURAILTEST\" \/>\n<meta property=\"og:description\" content=\"Fr\u00e9d\u00e9ric Ballereau, the new director of Eurailtest, aims to accelerate the development of Eurailtest and its partner laboratories.\" \/>\n<meta property=\"og:url\" content=\"https:\/\/www.eurailtest.com\/en\/frederic-ballereau-new-director-of-eurailtest\/\" \/>\n<meta property=\"og:site_name\" content=\"Eurailtest\" \/>\n<meta property=\"article:published_time\" content=\"2024-03-27T10:49:31+00:00\" \/>\n<meta property=\"article:modified_time\" content=\"2024-03-27T12:59:57+00:00\" \/>\n<meta name=\"twitter:card\" content=\"summary\" \/>\n<meta name=\"twitter:label1\" content=\"Est. reading time\">\n\t<meta name=\"twitter:data1\" content=\"1 minute\">\n<script type=\"application\/ld+json\" class=\"yoast-schema-graph\">{\"@context\":\"https:\/\/schema.org\",\"@graph\":[{\"@type\":\"WebSite\",\"@id\":\"https:\/\/www.eurailtest.com\/#website\",\"url\":\"https:\/\/www.eurailtest.com\/\",\"name\":\"Eurailtest\",\"description\":\"Fond\\u00e9 par la SNCF et la RATP, EURAILTEST (Groupement d\\u2019Int\\u00e9r\\u00eat Economique) commercialise les comp\\u00e9tences techniques d\\u2019essai relatives aux syst\\u00e8mes et sous syst\\u00e8mes ferroviaires lourds et urbains.\",\"potentialAction\":[{\"@type\":\"SearchAction\",\"target\":\"https:\/\/www.eurailtest.com\/?s={search_term_string}\",\"query-input\":\"required name=search_term_string\"}],\"inLanguage\":\"en-US\"},{\"@type\":\"WebPage\",\"@id\":\"https:\/\/www.eurailtest.com\/en\/frederic-ballereau-new-director-of-eurailtest\/#webpage\",\"url\":\"https:\/\/www.eurailtest.com\/en\/frederic-ballereau-new-director-of-eurailtest\/\",\"name\":\"Fr\\u00e9d\\u00e9ric BALLEREAU : New director of Eurailtest | EURAILTEST\",\"isPartOf\":{\"@id\":\"https:\/\/www.eurailtest.com\/#website\"},\"datePublished\":\"2024-03-27T10:49:31+00:00\",\"dateModified\":\"2024-03-27T12:59:57+00:00\",\"author\":{\"@id\":\"https:\/\/www.eurailtest.com\/#\/schema\/person\/40f08f2760c817c2f004babfe0fa7beb\"},\"description\":\"Fr\\u00e9d\\u00e9ric Ballereau, the new director of Eurailtest, aims to accelerate the development of Eurailtest and its partner laboratories.\",\"breadcrumb\":{\"@id\":\"https:\/\/www.eurailtest.com\/en\/frederic-ballereau-new-director-of-eurailtest\/#breadcrumb\"},\"inLanguage\":\"en-US\",\"potentialAction\":[{\"@type\":\"ReadAction\",\"target\":[\"https:\/\/www.eurailtest.com\/en\/frederic-ballereau-new-director-of-eurailtest\/\"]}]},{\"@type\":\"BreadcrumbList\",\"@id\":\"https:\/\/www.eurailtest.com\/en\/frederic-ballereau-new-director-of-eurailtest\/#breadcrumb\",\"itemListElement\":[{\"@type\":\"ListItem\",\"position\":1,\"item\":{\"@type\":\"WebPage\",\"@id\":\"https:\/\/www.eurailtest.com\/en\/\",\"url\":\"https:\/\/www.eurailtest.com\/en\/\",\"name\":\"Home\"}},{\"@type\":\"ListItem\",\"position\":2,\"item\":{\"@id\":\"https:\/\/www.eurailtest.com\/en\/frederic-ballereau-new-director-of-eurailtest\/#webpage\"}}]},{\"@type\":\"Person\",\"@id\":\"https:\/\/www.eurailtest.com\/#\/schema\/person\/40f08f2760c817c2f004babfe0fa7beb\",\"name\":\"admin\",\"image\":{\"@type\":\"ImageObject\",\"@id\":\"https:\/\/www.eurailtest.com\/#personlogo\",\"inLanguage\":\"en-US\",\"url\":\"https:\/\/secure.gravatar.com\/avatar\/268f7a9f07fc56f837ae5caee824f566?s=96&d=mm&r=g\",\"contentUrl\":\"https:\/\/secure.gravatar.com\/avatar\/268f7a9f07fc56f837ae5caee824f566?s=96&d=mm&r=g\",\"caption\":\"admin\"}}]}<\/script>\n<!-- \/ Yoast SEO plugin. -->","_links":{"self":[{"href":"https:\/\/www.eurailtest.com\/en\/wp-json\/wp\/v2\/posts\/6458"}],"collection":[{"href":"https:\/\/www.eurailtest.com\/en\/wp-json\/wp\/v2\/posts"}],"about":[{"href":"https:\/\/www.eurailtest.com\/en\/wp-json\/wp\/v2\/types\/post"}],"author":[{"embeddable":true,"href":"https:\/\/www.eurailtest.com\/en\/wp-json\/wp\/v2\/users\/1"}],"replies":[{"embeddable":true,"href":"https:\/\/www.eurailtest.com\/en\/wp-json\/wp\/v2\/comments?post=6458"}],"version-history":[{"count":8,"href":"https:\/\/www.eurailtest.com\/en\/wp-json\/wp\/v2\/posts\/6458\/revisions"}],"predecessor-version":[{"id":6478,"href":"https:\/\/www.eurailtest.com\/en\/wp-json\/wp\/v2\/posts\/6458\/revisions\/6478"}],"wp:attachment":[{"href":"https:\/\/www.eurailtest.com\/en\/wp-json\/wp\/v2\/media?parent=6458"}],"wp:term":[{"taxonomy":"post_tag","embeddable":true,"href":"https:\/\/www.eurailtest.com\/en\/wp-json\/wp\/v2\/tags?post=6458"}],"curies":[{"name":"wp","href":"https:\/\/api.w.org\/{rel}","templated":true}]}}